{"id":283766,"date":"2026-04-25T17:52:43","date_gmt":"2026-04-25T15:52:43","guid":{"rendered":"https:\/\/uned-illesbalears.net\/?p=283766"},"modified":"2026-04-26T19:06:38","modified_gmt":"2026-04-26T17:06:38","slug":"la-uned-de-palma-presento-mi-otro-lugar-de-concepcion-pou-soler","status":"publish","type":"post","link":"https:\/\/uned-illesbalears.net\/ca\/la-uned-de-palma-presento-mi-otro-lugar-de-concepcion-pou-soler\/","title":{"rendered":"La UNED de Palma present\u00f3 Mi otro lugar, de Concepci\u00f3n Pou Soler"},"content":{"rendered":"<p>La UNED de Palma acogi\u00f3 el 24 de abril la presentaci\u00f3n del libro <span style=\"color: #008000;\"><strong><em>Mi otro lugar. En el coraz\u00f3n de Gambia: cooperaci\u00f3n y experiencias que cambian vidas<\/em><\/strong><\/span>, de Concepci\u00f3n Pou Soler, tutora de la UNED Illes Balears hasta el curso acad\u00e9mico 2024-2025.<\/p>\n<p>La actividad, celebrada con motivo del d\u00eda de Sant Jordi, reuni\u00f3 a la comunidad universitaria y al p\u00fablico asistente en un espacio de reflexi\u00f3n sobre la cooperaci\u00f3n, la solidaridad y el valor del encuentro intercultural.<\/p>\n<p>El acto fue coordinado y moderado por Marzia Boi, profesora-tutora del Centro Asociado a la UNED en Illes Balears, y cont\u00f3 con la participaci\u00f3n de Isabel C. Maciel Torres, directora en funciones de la UNED Illes Balears, quien dio la bienvenida al evento. En su intervenci\u00f3n, Maciel destac\u00f3 que hablar de esta obra es tambi\u00e9n hablar de Concepci\u00f3n Pou Soler, una persona que ha sabido hacer de la educaci\u00f3n un espacio vivo, donde el conocimiento se une con la experiencia, ense\u00f1ar tambi\u00e9n significa aprender y la mirada humana ocupa un lugar esencial. Asimismo, subray\u00f3 la huella que Pou ha dejado en la UNED Illes Balears por su cercan\u00eda, su capacidad de escucha y su forma honesta de acompa\u00f1ar a los dem\u00e1s.<\/p>\n<p>La presentaci\u00f3n de la autora estuvo a cargo de Margarita Barrera Ca\u00f1ellas, profesora-tutora de Antropolog\u00eda del Centro Asociado a la UNED en Illes Balears, quien puso en valor su trayectoria y su compromiso social. Barrera se\u00f1al\u00f3 que Mi otro lugar no es una simple cr\u00f3nica de viaje, sino el testimonio de una antrop\u00f3loga que comprendi\u00f3 que la verdadera ayuda no reside en la imposici\u00f3n, sino en la escucha profunda.<\/p>\n<p>Desde la sede central de la UNED particip\u00f3 Beatriz P\u00e9rez Gal\u00e1n, profesora titular del Departamento de Antropolog\u00eda Social y Cultural de la Facultad de Filosof\u00eda, quien introdujo el protocolo de la obra y condujo el di\u00e1logo con la autora. P\u00e9rez Gal\u00e1n explic\u00f3 que, aunque no se trata de un libro acad\u00e9mico, la obra se nutre de debates contempor\u00e1neos sobre cooperaci\u00f3n y estudios cr\u00edticos del desarrollo, y destac\u00f3 que la cooperaci\u00f3n aparece en el libro como un proceso basado en la corresponsabilidad, el aprendizaje mutuo y el reconocimiento de las personas y comunidades.<\/p>\n<p>Durante su intervenci\u00f3n, Concepci\u00f3n Pou Soler comparti\u00f3 c\u00f3mo surgi\u00f3 la idea de viajar a Gambia, el origen del proyecto que puso en marcha, la metodolog\u00eda utilizada y algunas an\u00e9cdotas significativas de su experiencia. A trav\u00e9s de relatos y vivencias nacidas del contacto directo con comunidades rurales gambianas, la autora acerc\u00f3 al p\u00fablico al proceso humano, pedag\u00f3gico y transformador que inspira el libro.<\/p>\n<p>En Mi otro lugar, Concepci\u00f3n Pou Soler ofrece una mirada cercana, sincera y profundamente humana sobre sus vivencias en Gambia. Sus p\u00e1ginas invitan a comprender que cooperar no es \u00fanicamente ayudar, sino tambi\u00e9n escuchar, aprender, reconocer la dignidad de cada persona y dejarse transformar por otras realidades.<\/p>\n<p>La actividad concluy\u00f3 con un coloquio abierto al p\u00fablico, que favoreci\u00f3 el intercambio de preguntas, reflexiones y emociones en torno a la obra y a la experiencia narrada por la autora.<\/p>\n<p>La presentaci\u00f3n permiti\u00f3 celebrar los libros como puentes entre culturas, experiencias y emociones. Mi otro lugar invita a mirar el mundo con mayor sensibilidad, responsabilidad y esperanza, recordando que la educaci\u00f3n y la cooperaci\u00f3n pueden abrir caminos de encuentro capaces de cambiar vidas.<\/p>\n","protected":false},"excerpt":{"rendered":"<p>La UNED de Palma acogi\u00f3 el 24 de abril la presentaci\u00f3n del libro Mi otro lugar. En el coraz\u00f3n de Gambia: cooperaci\u00f3n y experiencias que cambian vidas, de Concepci\u00f3n Pou Soler, tutora de la UNED Illes Balears hasta el curso acad\u00e9mico 2024-2025. La actividad, celebrada con motivo del d\u00eda de Sant Jordi, reuni\u00f3 a la [&hellip;]<\/p>\n","protected":false},"author":1,"featured_media":283767,"comment_status":"closed","ping_status":"closed","sticky":false,"template":"","format":"standard","meta":{"_acf_changed":false,"footnotes":""},"categories":[4],"tags":[],"acf":[],"_links":{"self":[{"href":"https:\/\/uned-illesbalears.net\/ca\/wp-json\/wp\/v2\/posts\/283766"}],"collection":[{"href":"https:\/\/uned-illesbalears.net\/ca\/wp-json\/wp\/v2\/posts"}],"about":[{"href":"https:\/\/uned-illesbalears.net\/ca\/wp-json\/wp\/v2\/types\/post"}],"author":[{"embeddable":true,"href":"https:\/\/uned-illesbalears.net\/ca\/wp-json\/wp\/v2\/users\/1"}],"replies":[{"embeddable":true,"href":"https:\/\/uned-illesbalears.net\/ca\/wp-json\/wp\/v2\/comments?post=283766"}],"version-history":[{"count":2,"href":"https:\/\/uned-illesbalears.net\/ca\/wp-json\/wp\/v2\/posts\/283766\/revisions"}],"predecessor-version":[{"id":283785,"href":"https:\/\/uned-illesbalears.net\/ca\/wp-json\/wp\/v2\/posts\/283766\/revisions\/283785"}],"wp:featuredmedia":[{"embeddable":true,"href":"https:\/\/uned-illesbalears.net\/ca\/wp-json\/wp\/v2\/media\/283767"}],"wp:attachment":[{"href":"https:\/\/uned-illesbalears.net\/ca\/wp-json\/wp\/v2\/media?parent=283766"}],"wp:term":[{"taxonomy":"category","embeddable":true,"href":"https:\/\/uned-illesbalears.net\/ca\/wp-json\/wp\/v2\/categories?post=283766"},{"taxonomy":"post_tag","embeddable":true,"href":"https:\/\/uned-illesbalears.net\/ca\/wp-json\/wp\/v2\/tags?post=283766"}],"curies":[{"name":"wp","href":"https:\/\/api.w.org\/{rel}","templated":true}]}}