{"id":283765,"date":"2026-04-25T18:50:14","date_gmt":"2026-04-25T16:50:14","guid":{"rendered":"https:\/\/uned-illesbalears.net\/?p=283765"},"modified":"2026-04-26T19:05:24","modified_gmt":"2026-04-26T17:05:24","slug":"la-uned-illes-balears-celebra-el-talento-y-compromiso-educativo-de-antoni-canyelles-con-divercracia","status":"publish","type":"post","link":"https:\/\/uned-illesbalears.net\/ca\/la-uned-illes-balears-celebra-el-talento-y-compromiso-educativo-de-antoni-canyelles-con-divercracia\/","title":{"rendered":"La UNED Illes Balears celebra el talento y compromiso educativo de Antoni Canyelles Capella con &#8220;Divercr\u00e0cia&#8221;"},"content":{"rendered":"<p>La UNED Illes Balears celebra la presentaci\u00f3n de <span style=\"color: #008000;\"><em><strong>Divercr\u00e0cia<\/strong><\/em><\/span>, de Antoni Canyelles Capella<\/p>\n<p>El pasado 24 de abril, el profesor tutor del Centro Asociado UNED Illes Balears, Antoni Canyelles Capella, dio a conocer su obra <strong><span style=\"color: #008000;\"><em>Divercr\u00e0cia<\/em><\/span><\/strong>, un libro que invita a reflexionar sobre la educaci\u00f3n, la convivencia y el valor de la diversidad en nuestra sociedad.<\/p>\n<p><em><strong><span style=\"color: #008000;\">Divercr\u00e0cia<\/span><\/strong><\/em> es mucho m\u00e1s que una publicaci\u00f3n: es una propuesta pedag\u00f3gica comprometida con los retos actuales de la educaci\u00f3n. A trav\u00e9s de sus p\u00e1ginas, el autor nos acerca a una mirada sensible, inclusiva y transformadora, que subraya la importancia de construir espacios educativos donde cada persona pueda crecer, participar y desarrollarse desde sus propias capacidades y singularidades.<\/p>\n<p>Desde el Centro Asociado queremos expresar la satisfacci\u00f3n y el orgullo que supone contar con profesionales como Antoni Canyelles Capella, cuya labor trasciende el aula y contribuye de manera activa al pensamiento educativo contempor\u00e1neo. Su obra nos recuerda que educar tambi\u00e9n significa acompa\u00f1ar, escuchar, incluir y abrir caminos hacia una sociedad m\u00e1s justa y respetuosa.<\/p>\n<p>La comunidad de la UNED Illes Balears felicita afectuosamente a Antoni Canyelles Capella por este logro y le acompa\u00f1a en la difusi\u00f3n de<span style=\"color: #008000;\"><em><strong> Divercr\u00e0cia<\/strong><\/em><\/span>, convencida de que su mensaje ser\u00e1 fuente de inspiraci\u00f3n para estudiantes, docentes y todas aquellas personas comprometidas con una educaci\u00f3n basada en el respeto, la empat\u00eda y la diversidad.<\/p>\n<p><a href=\"https:\/\/uned-illesbalears.net\/wp-content\/uploads\/2026\/04\/Libro-Antoni-02.jpg\"><img loading=\"lazy\" decoding=\"async\" class=\"alignnone wp-image-283775\" src=\"https:\/\/uned-illesbalears.net\/wp-content\/uploads\/2026\/04\/Libro-Antoni-02.jpg\" alt=\"\" width=\"253\" height=\"338\" srcset=\"https:\/\/uned-illesbalears.net\/wp-content\/uploads\/2026\/04\/Libro-Antoni-02.jpg 1536w, https:\/\/uned-illesbalears.net\/wp-content\/uploads\/2026\/04\/Libro-Antoni-02-225x300.jpg 225w, https:\/\/uned-illesbalears.net\/wp-content\/uploads\/2026\/04\/Libro-Antoni-02-768x1024.jpg 768w, https:\/\/uned-illesbalears.net\/wp-content\/uploads\/2026\/04\/Libro-Antoni-02-1152x1536.jpg 1152w\" sizes=\"(max-width: 253px) 100vw, 253px\" \/> <\/a><a href=\"https:\/\/uned-illesbalears.net\/wp-content\/uploads\/2026\/04\/Libro-Antoni-03.jpg\"><img loading=\"lazy\" decoding=\"async\" class=\"alignnone wp-image-283777\" src=\"https:\/\/uned-illesbalears.net\/wp-content\/uploads\/2026\/04\/Libro-Antoni-03.jpg\" alt=\"\" width=\"388\" height=\"333\" srcset=\"https:\/\/uned-illesbalears.net\/wp-content\/uploads\/2026\/04\/Libro-Antoni-03.jpg 2048w, https:\/\/uned-illesbalears.net\/wp-content\/uploads\/2026\/04\/Libro-Antoni-03-300x258.jpg 300w, https:\/\/uned-illesbalears.net\/wp-content\/uploads\/2026\/04\/Libro-Antoni-03-1024x879.jpg 1024w, https:\/\/uned-illesbalears.net\/wp-content\/uploads\/2026\/04\/Libro-Antoni-03-768x659.jpg 768w, https:\/\/uned-illesbalears.net\/wp-content\/uploads\/2026\/04\/Libro-Antoni-03-1536x1319.jpg 1536w\" sizes=\"(max-width: 388px) 100vw, 388px\" \/> <\/a><a href=\"https:\/\/uned-illesbalears.net\/wp-content\/uploads\/2026\/04\/Libro-Antoni-05.jpg\"><img loading=\"lazy\" decoding=\"async\" class=\"alignnone wp-image-283779\" src=\"https:\/\/uned-illesbalears.net\/wp-content\/uploads\/2026\/04\/Libro-Antoni-05.jpg\" alt=\"\" width=\"250\" height=\"333\" srcset=\"https:\/\/uned-illesbalears.net\/wp-content\/uploads\/2026\/04\/Libro-Antoni-05.jpg 1500w, https:\/\/uned-illesbalears.net\/wp-content\/uploads\/2026\/04\/Libro-Antoni-05-225x300.jpg 225w, https:\/\/uned-illesbalears.net\/wp-content\/uploads\/2026\/04\/Libro-Antoni-05-768x1024.jpg 768w, https:\/\/uned-illesbalears.net\/wp-content\/uploads\/2026\/04\/Libro-Antoni-05-1152x1536.jpg 1152w\" sizes=\"(max-width: 250px) 100vw, 250px\" \/>\u00a0\u00a0 <\/a><a href=\"https:\/\/uned-illesbalears.net\/wp-content\/uploads\/2026\/04\/Libro-Antoni-04.jpg\"><img loading=\"lazy\" decoding=\"async\" class=\"alignnone wp-image-283781\" src=\"https:\/\/uned-illesbalears.net\/wp-content\/uploads\/2026\/04\/Libro-Antoni-04.jpg\" alt=\"\" width=\"297\" height=\"332\" srcset=\"https:\/\/uned-illesbalears.net\/wp-content\/uploads\/2026\/04\/Libro-Antoni-04.jpg 1834w, https:\/\/uned-illesbalears.net\/wp-content\/uploads\/2026\/04\/Libro-Antoni-04-269x300.jpg 269w, https:\/\/uned-illesbalears.net\/wp-content\/uploads\/2026\/04\/Libro-Antoni-04-917x1024.jpg 917w, https:\/\/uned-illesbalears.net\/wp-content\/uploads\/2026\/04\/Libro-Antoni-04-768x858.jpg 768w, https:\/\/uned-illesbalears.net\/wp-content\/uploads\/2026\/04\/Libro-Antoni-04-1376x1536.jpg 1376w\" sizes=\"(max-width: 297px) 100vw, 297px\" \/><\/a><\/p>\n","protected":false},"excerpt":{"rendered":"<p>La UNED Illes Balears celebra la presentaci\u00f3n de Divercr\u00e0cia, de Antoni Canyelles Capella El pasado 24 de abril, el profesor tutor del Centro Asociado UNED Illes Balears, Antoni Canyelles Capella, dio a conocer su obra Divercr\u00e0cia, un libro que invita a reflexionar sobre la educaci\u00f3n, la convivencia y el valor de la diversidad en nuestra [&hellip;]<\/p>\n","protected":false},"author":1,"featured_media":283770,"comment_status":"closed","ping_status":"closed","sticky":false,"template":"","format":"standard","meta":{"_acf_changed":false,"footnotes":""},"categories":[4],"tags":[],"acf":[],"_links":{"self":[{"href":"https:\/\/uned-illesbalears.net\/ca\/wp-json\/wp\/v2\/posts\/283765"}],"collection":[{"href":"https:\/\/uned-illesbalears.net\/ca\/wp-json\/wp\/v2\/posts"}],"about":[{"href":"https:\/\/uned-illesbalears.net\/ca\/wp-json\/wp\/v2\/types\/post"}],"author":[{"embeddable":true,"href":"https:\/\/uned-illesbalears.net\/ca\/wp-json\/wp\/v2\/users\/1"}],"replies":[{"embeddable":true,"href":"https:\/\/uned-illesbalears.net\/ca\/wp-json\/wp\/v2\/comments?post=283765"}],"version-history":[{"count":5,"href":"https:\/\/uned-illesbalears.net\/ca\/wp-json\/wp\/v2\/posts\/283765\/revisions"}],"predecessor-version":[{"id":283784,"href":"https:\/\/uned-illesbalears.net\/ca\/wp-json\/wp\/v2\/posts\/283765\/revisions\/283784"}],"wp:featuredmedia":[{"embeddable":true,"href":"https:\/\/uned-illesbalears.net\/ca\/wp-json\/wp\/v2\/media\/283770"}],"wp:attachment":[{"href":"https:\/\/uned-illesbalears.net\/ca\/wp-json\/wp\/v2\/media?parent=283765"}],"wp:term":[{"taxonomy":"category","embeddable":true,"href":"https:\/\/uned-illesbalears.net\/ca\/wp-json\/wp\/v2\/categories?post=283765"},{"taxonomy":"post_tag","embeddable":true,"href":"https:\/\/uned-illesbalears.net\/ca\/wp-json\/wp\/v2\/tags?post=283765"}],"curies":[{"name":"wp","href":"https:\/\/api.w.org\/{rel}","templated":true}]}}