{"id":281259,"date":"2025-12-30T10:09:57","date_gmt":"2025-12-30T09:09:57","guid":{"rendered":"https:\/\/uned-illesbalears.net\/?p=281259"},"modified":"2025-12-30T10:29:02","modified_gmt":"2025-12-30T09:29:02","slug":"antoni-canyelles-capella-primer-premio-al-mejor-tfm-en-el-premio-feliciano-fuster","status":"publish","type":"post","link":"https:\/\/uned-illesbalears.net\/ca\/antoni-canyelles-capella-primer-premio-al-mejor-tfm-en-el-premio-feliciano-fuster\/","title":{"rendered":"Antoni Canyelles Capella obtiene el primer premio al mejor TFM del Premio Feliciano Fuster"},"content":{"rendered":"<p data-start=\"0\" data-end=\"314\">Enhorabuena a <strong>Antoni Canyelles Capella<\/strong>, tutor del Centro Asociado UNED Illes Balears, por haber obtenido el primer premio al mejor TFM dentro del Premio Feliciano Fuster con su trabajo \u201c<strong><em>Del mundo de Mario al mundo laboral\u201d, una propuesta de gamificaci\u00f3n aplicada a la Formaci\u00f3n Profesional.<\/em><\/strong><\/p>\n<p data-start=\"316\" data-end=\"763\">La presentaci\u00f3n tuvo lugar en el Ateneo de Ma\u00f3, un espacio que contribuye a acercar la investigaci\u00f3n y el debate educativo a la sociedad. Este trabajo, desarrollado en el marco del M\u00e1ster de Formaci\u00f3n del Profesorado, destaca por su enfoque pr\u00e1ctico y por su conexi\u00f3n directa con la realidad del aula y del alumnado de FP, explorando metodolog\u00edas innovadoras para potenciar la motivaci\u00f3n, la participaci\u00f3n y la adquisici\u00f3n de competencias.<\/p>\n<p data-start=\"765\" data-end=\"962\" data-is-last-node=\"\" data-is-only-node=\"\">Nos sentimos muy orgullosos de este logro y queremos felicitar a Antoni por su dedicaci\u00f3n, su compromiso y su valiosa contribuci\u00f3n a la mejora continua de la docencia. <strong>\u00a1Enhorabuena!<\/strong><\/p>\n<p data-start=\"765\" data-end=\"962\" data-is-last-node=\"\" data-is-only-node=\"\">CA UNED Illes Balears<\/p>\n","protected":false},"excerpt":{"rendered":"<p>Enhorabuena a Antoni Canyelles Capella, tutor del Centro Asociado UNED Illes Balears, por haber obtenido el primer premio al mejor TFM dentro del Premio Feliciano Fuster con su trabajo \u201cDel mundo de Mario al mundo laboral\u201d, una propuesta de gamificaci\u00f3n aplicada a la Formaci\u00f3n Profesional. La presentaci\u00f3n tuvo lugar en el Ateneo de Ma\u00f3, un [&hellip;]<\/p>\n","protected":false},"author":1,"featured_media":281260,"comment_status":"closed","ping_status":"closed","sticky":false,"template":"","format":"standard","meta":{"_acf_changed":false,"footnotes":""},"categories":[56],"tags":[],"acf":[],"_links":{"self":[{"href":"https:\/\/uned-illesbalears.net\/ca\/wp-json\/wp\/v2\/posts\/281259"}],"collection":[{"href":"https:\/\/uned-illesbalears.net\/ca\/wp-json\/wp\/v2\/posts"}],"about":[{"href":"https:\/\/uned-illesbalears.net\/ca\/wp-json\/wp\/v2\/types\/post"}],"author":[{"embeddable":true,"href":"https:\/\/uned-illesbalears.net\/ca\/wp-json\/wp\/v2\/users\/1"}],"replies":[{"embeddable":true,"href":"https:\/\/uned-illesbalears.net\/ca\/wp-json\/wp\/v2\/comments?post=281259"}],"version-history":[{"count":2,"href":"https:\/\/uned-illesbalears.net\/ca\/wp-json\/wp\/v2\/posts\/281259\/revisions"}],"predecessor-version":[{"id":281269,"href":"https:\/\/uned-illesbalears.net\/ca\/wp-json\/wp\/v2\/posts\/281259\/revisions\/281269"}],"wp:featuredmedia":[{"embeddable":true,"href":"https:\/\/uned-illesbalears.net\/ca\/wp-json\/wp\/v2\/media\/281260"}],"wp:attachment":[{"href":"https:\/\/uned-illesbalears.net\/ca\/wp-json\/wp\/v2\/media?parent=281259"}],"wp:term":[{"taxonomy":"category","embeddable":true,"href":"https:\/\/uned-illesbalears.net\/ca\/wp-json\/wp\/v2\/categories?post=281259"},{"taxonomy":"post_tag","embeddable":true,"href":"https:\/\/uned-illesbalears.net\/ca\/wp-json\/wp\/v2\/tags?post=281259"}],"curies":[{"name":"wp","href":"https:\/\/api.w.org\/{rel}","templated":true}]}}