{"id":259452,"date":"2024-07-26T18:18:29","date_gmt":"2024-07-26T16:18:29","guid":{"rendered":"https:\/\/uned-illesbalears.net\/?p=259452"},"modified":"2024-07-26T18:18:29","modified_gmt":"2024-07-26T16:18:29","slug":"matias-valles-en-el-curso-de-verano-de-la-uned","status":"publish","type":"post","link":"https:\/\/uned-illesbalears.net\/ca\/matias-valles-en-el-curso-de-verano-de-la-uned\/","title":{"rendered":"Mat\u00edas Vall\u00e9s en el curso de verano de la UNED"},"content":{"rendered":"<p>El periodista de Diario de Mallorca Mat\u00edas Vall\u00e9s ofreci\u00f3 ayer en el edificio Guillem Mesquida, sede de la UNED en Mallorca, la conferencia<br \/>\nEl conflicto Israel-Palestina visto\/manipulado por los medios de comunicaci\u00f3n, la cual forma parte del curso que ha ofrecido la UNED estos d\u00edas, desde el jueves hasta hoy s\u00e1bado, titulado Israel-Palestina, \u00bfun conflicto interminable? Dicho curso, con el que se pretend\u00eda ofrecer las claves esenciales del problema, con las razones de cada parte as\u00ed como las posibles salidas y su impacto en el \u00e1mbito audiovisual, se ha impartido en Palma en modalidad presencial y tambi\u00e9n en diferido por internet.<\/p>\n<p>M\u00e1s informaci\u00f3n <a href=\"https:\/\/uned-illesbalears.net\/wp-content\/uploads\/2024\/07\/002RVTL0.pdf\" class=\"mtli_attachment mtli_pdf\">aqu\u00ed<\/a>.<\/p>\n<p><a href=\"https:\/\/uned-illesbalears.net\/wp-content\/uploads\/2024\/05\/Israel-Palestina.png\" class=\"mtli_attachment mtli_png\"><img loading=\"lazy\" decoding=\"async\" class=\"alignnone size-thumbnail wp-image-257358\" src=\"https:\/\/uned-illesbalears.net\/wp-content\/uploads\/2024\/05\/Israel-Palestina-150x150.png\" alt=\"\" width=\"150\" height=\"150\" \/><\/a><\/p>\n","protected":false},"excerpt":{"rendered":"<p>El periodista de Diario de Mallorca Mat\u00edas Vall\u00e9s ofreci\u00f3 ayer en el edificio Guillem Mesquida, sede de la UNED en Mallorca, la conferencia El conflicto Israel-Palestina visto\/manipulado por los medios de comunicaci\u00f3n, la cual forma parte del curso que ha ofrecido la UNED estos d\u00edas, desde el jueves hasta hoy s\u00e1bado, titulado Israel-Palestina, \u00bfun conflicto [&hellip;]<\/p>\n","protected":false},"author":1,"featured_media":257358,"comment_status":"closed","ping_status":"closed","sticky":false,"template":"","format":"standard","meta":{"_acf_changed":false,"footnotes":""},"categories":[4],"tags":[],"acf":[],"_links":{"self":[{"href":"https:\/\/uned-illesbalears.net\/ca\/wp-json\/wp\/v2\/posts\/259452"}],"collection":[{"href":"https:\/\/uned-illesbalears.net\/ca\/wp-json\/wp\/v2\/posts"}],"about":[{"href":"https:\/\/uned-illesbalears.net\/ca\/wp-json\/wp\/v2\/types\/post"}],"author":[{"embeddable":true,"href":"https:\/\/uned-illesbalears.net\/ca\/wp-json\/wp\/v2\/users\/1"}],"replies":[{"embeddable":true,"href":"https:\/\/uned-illesbalears.net\/ca\/wp-json\/wp\/v2\/comments?post=259452"}],"version-history":[{"count":1,"href":"https:\/\/uned-illesbalears.net\/ca\/wp-json\/wp\/v2\/posts\/259452\/revisions"}],"predecessor-version":[{"id":259455,"href":"https:\/\/uned-illesbalears.net\/ca\/wp-json\/wp\/v2\/posts\/259452\/revisions\/259455"}],"wp:featuredmedia":[{"embeddable":true,"href":"https:\/\/uned-illesbalears.net\/ca\/wp-json\/wp\/v2\/media\/257358"}],"wp:attachment":[{"href":"https:\/\/uned-illesbalears.net\/ca\/wp-json\/wp\/v2\/media?parent=259452"}],"wp:term":[{"taxonomy":"category","embeddable":true,"href":"https:\/\/uned-illesbalears.net\/ca\/wp-json\/wp\/v2\/categories?post=259452"},{"taxonomy":"post_tag","embeddable":true,"href":"https:\/\/uned-illesbalears.net\/ca\/wp-json\/wp\/v2\/tags?post=259452"}],"curies":[{"name":"wp","href":"https:\/\/api.w.org\/{rel}","templated":true}]}}