{"id":258485,"date":"2024-07-01T16:24:28","date_gmt":"2024-07-01T14:24:28","guid":{"rendered":"https:\/\/uned-illesbalears.net\/?p=258485"},"modified":"2024-07-01T16:24:28","modified_gmt":"2024-07-01T14:24:28","slug":"matricula-gratuita-para-un-curso-de-verano-de-la-uned-con-referencias-a-menorca","status":"publish","type":"post","link":"https:\/\/uned-illesbalears.net\/ca\/matricula-gratuita-para-un-curso-de-verano-de-la-uned-con-referencias-a-menorca\/","title":{"rendered":"Matr\u00edcula gratuita para un curso de verano de la UNED con referencias a Menorca"},"content":{"rendered":"<p>La Universidad Nacional de Educaci\u00f3n a Distancia (UNED) ofrece un curso de verano gratuito del 11 al 13 de julio de 2024 en Menorca, en celebraci\u00f3n del d\u00e9cimo aniversario de la C\u00e1tedra UNESCO UNED-Triptolemos y los 30 a\u00f1os de Menorca como Reserva de la Biosfera. Este curso abordar\u00e1 la relaci\u00f3n entre la conservaci\u00f3n de la diversidad biol\u00f3gica y cultural y el desarrollo econ\u00f3mico y social, destacando la importancia de los sistemas alimentarios sostenibles en las Reservas de la Biosfera.<\/p>\n<p>El curso, titulado &#8220;Sostenibilidad y sistemas alimentarios&#8221;, se desarrollar\u00e1 en modalidad presencial y en l\u00ednea, permitiendo el acceso a un p\u00fablico global. Contar\u00e1 con la participaci\u00f3n de expertos como Juan Domingo Pons Torres y Rosa Mar\u00eda Mart\u00edn Aranda, quienes abrir\u00e1n el evento, seguido de diversas sesiones que explorar\u00e1n temas como la gesti\u00f3n de la Reserva de Biosfera de Menorca, la biodiversidad y la implementaci\u00f3n de los Objetivos de Desarrollo Sostenible (ODS).<\/p>\n<p>Entre los ponentes, se incluyen Jos\u00e9 Sim\u00f3n Gorn\u00e9s Hachero, Yvonne Colomer Xena y Joaquim Tintor\u00e9 Subirana, quienes aportar\u00e1n sus perspectivas sobre la gesti\u00f3n ambiental y la producci\u00f3n de alimentos en contextos insulares. El curso concluir\u00e1 con una mesa redonda sobre sistemas alimentarios sostenibles, destacando los desaf\u00edos y oportunidades en el contexto de la Reserva de la Biosfera de Menorca.<\/p>\n<p>Esta iniciativa forma parte de las actividades de formaci\u00f3n estival de la UNED y busca promover la educaci\u00f3n y el debate en torno a la sostenibilidad y la gesti\u00f3n de los recursos en territorios protegidos.<\/p>\n<p>M\u00e1s informaci\u00f3n <a href=\"https:\/\/menorcaaldia.com\/2024\/06\/30\/matricula-gratuita-para-un-curso-de-verano-de-la-uned-con-referencias-a-menorca\/\">aqu\u00ed<\/a><\/p>\n<p>.<a href=\"https:\/\/uned-illesbalears.net\/wp-content\/uploads\/2024\/04\/uned-illes.jpg\"><img loading=\"lazy\" decoding=\"async\" class=\"alignnone  wp-image-255223\" src=\"https:\/\/uned-illesbalears.net\/wp-content\/uploads\/2024\/04\/uned-illes-150x150.jpg\" alt=\"\" width=\"150\" height=\"150\" \/><\/a><\/p>\n","protected":false},"excerpt":{"rendered":"<p>La Universidad Nacional de Educaci\u00f3n a Distancia (UNED) ofrece un curso de verano gratuito del 11 al 13 de julio de 2024 en Menorca, en celebraci\u00f3n del d\u00e9cimo aniversario de la C\u00e1tedra UNESCO UNED-Triptolemos y los 30 a\u00f1os de Menorca como Reserva de la Biosfera. Este curso abordar\u00e1 la relaci\u00f3n entre la conservaci\u00f3n de la [&hellip;]<\/p>\n","protected":false},"author":1,"featured_media":255223,"comment_status":"closed","ping_status":"closed","sticky":false,"template":"","format":"standard","meta":{"_acf_changed":false,"footnotes":""},"categories":[4],"tags":[],"acf":[],"_links":{"self":[{"href":"https:\/\/uned-illesbalears.net\/ca\/wp-json\/wp\/v2\/posts\/258485"}],"collection":[{"href":"https:\/\/uned-illesbalears.net\/ca\/wp-json\/wp\/v2\/posts"}],"about":[{"href":"https:\/\/uned-illesbalears.net\/ca\/wp-json\/wp\/v2\/types\/post"}],"author":[{"embeddable":true,"href":"https:\/\/uned-illesbalears.net\/ca\/wp-json\/wp\/v2\/users\/1"}],"replies":[{"embeddable":true,"href":"https:\/\/uned-illesbalears.net\/ca\/wp-json\/wp\/v2\/comments?post=258485"}],"version-history":[{"count":1,"href":"https:\/\/uned-illesbalears.net\/ca\/wp-json\/wp\/v2\/posts\/258485\/revisions"}],"predecessor-version":[{"id":258486,"href":"https:\/\/uned-illesbalears.net\/ca\/wp-json\/wp\/v2\/posts\/258485\/revisions\/258486"}],"wp:featuredmedia":[{"embeddable":true,"href":"https:\/\/uned-illesbalears.net\/ca\/wp-json\/wp\/v2\/media\/255223"}],"wp:attachment":[{"href":"https:\/\/uned-illesbalears.net\/ca\/wp-json\/wp\/v2\/media?parent=258485"}],"wp:term":[{"taxonomy":"category","embeddable":true,"href":"https:\/\/uned-illesbalears.net\/ca\/wp-json\/wp\/v2\/categories?post=258485"},{"taxonomy":"post_tag","embeddable":true,"href":"https:\/\/uned-illesbalears.net\/ca\/wp-json\/wp\/v2\/tags?post=258485"}],"curies":[{"name":"wp","href":"https:\/\/api.w.org\/{rel}","templated":true}]}}