{"id":256632,"date":"2024-05-08T18:15:48","date_gmt":"2024-05-08T16:15:48","guid":{"rendered":"https:\/\/uned-illesbalears.net\/?p=256632"},"modified":"2024-05-08T18:26:02","modified_gmt":"2024-05-08T16:26:02","slug":"cuatro-decadas-de-educacion-sin-fronteras-la-uned-celebra-su-aniversario-en-berna","status":"publish","type":"post","link":"https:\/\/uned-illesbalears.net\/ca\/cuatro-decadas-de-educacion-sin-fronteras-la-uned-celebra-su-aniversario-en-berna\/","title":{"rendered":"Cuatro d\u00e9cadas de educaci\u00f3n sin fronteras: la UNED celebra su aniversario en Berna"},"content":{"rendered":"<div class=\"flex-1 overflow-hidden\">\n<div class=\"react-scroll-to-bottom--css-tbikd-79elbk h-full\">\n<div class=\"react-scroll-to-bottom--css-tbikd-1n7m0yu\">\n<div class=\"flex flex-col text-sm pb-9\">\n<div class=\"w-full text-token-text-primary\" dir=\"auto\" data-testid=\"conversation-turn-111\" data-scroll-anchor=\"true\">\n<div class=\"py-2 px-3 text-base md:px-4 m-auto md:px-5 lg:px-1 xl:px-5\">\n<div class=\"mx-auto flex flex-1 gap-3 text-base juice:gap-4 juice:md:gap-6 md:max-w-3xl lg:max-w-[40rem] xl:max-w-[48rem]\">\n<div class=\"relative flex w-full min-w-0 flex-col agent-turn\">\n<div class=\"flex-col gap-1 md:gap-3\">\n<div class=\"flex flex-grow flex-col max-w-full\">\n<div class=\"min-h-[20px] text-message flex flex-col items-start whitespace-pre-wrap break-words [.text-message+&amp;]:mt-5 overflow-x-auto gap-3\" dir=\"auto\" data-message-author-role=\"assistant\" data-message-id=\"9e404af7-7dee-476b-9481-64bd2eee8c91\">\n<div class=\"markdown prose w-full break-words dark:prose-invert light\">\n<p>El Centro de la UNED en Berna celebr\u00f3 su 40 aniversario con un evento significativo en el Cine Rex de la capital suiza, destacando su compromiso con la educaci\u00f3n superior y la innovaci\u00f3n en la ense\u00f1anza a distancia. La proyecci\u00f3n de &#8220;Un Franco, 14 Pesetas&#8221; y la presencia del director Carlos Iglesias a\u00f1adieron un toque emotivo, en un acto que cont\u00f3 con la participaci\u00f3n de destacadas figuras como Laura Alba, Vicerrectora de Internacionalizaci\u00f3n, y la ex directora Judit Vega, reforzando el impacto duradero de la UNED en la comunidad espa\u00f1ola en el exterior y renovando su compromiso con la excelencia acad\u00e9mica y la inclusi\u00f3n educativa.<\/p>\n<\/div>\n<\/div>\n<\/div>\n<div class=\"mt-1 flex gap-3 empty:hidden\">\n<div class=\"-ml-1 mt-0 h-7 items-center justify-center gap-[2px] self-end text-gray-400 lg:justify-start lg:self-center visible flex\">\n<div class=\"flex\"><a href=\"https:\/\/uned-illesbalears.net\/wp-content\/uploads\/2024\/05\/berna-uned.webp\"><img loading=\"lazy\" decoding=\"async\" class=\"alignnone size-thumbnail wp-image-256633\" src=\"https:\/\/uned-illesbalears.net\/wp-content\/uploads\/2024\/05\/berna-uned-150x150.webp\" alt=\"\" width=\"150\" height=\"150\" srcset=\"https:\/\/uned-illesbalears.net\/wp-content\/uploads\/2024\/05\/berna-uned-150x150.webp 150w, https:\/\/uned-illesbalears.net\/wp-content\/uploads\/2024\/05\/berna-uned-300x300.webp 300w, https:\/\/uned-illesbalears.net\/wp-content\/uploads\/2024\/05\/berna-uned-768x768.webp 768w, https:\/\/uned-illesbalears.net\/wp-content\/uploads\/2024\/05\/berna-uned.webp 860w\" sizes=\"(max-width: 150px) 100vw, 150px\" \/><\/a><\/div>\n<div>M\u00e1s informaci\u00f3n en <a href=\"https:\/\/21noticias.com\/2024\/05\/07\/la-uned-en-berna-celebro-su-40-aniversario-con-un-acto-memorable\/\">21noticias<\/a><\/div>\n<\/div>\n<\/div>\n<div class=\"pr-2 lg:pr-0\"><\/div>\n<\/div>\n<div class=\"absolute\">\n<div class=\"flex w-full gap-2 items-center justify-center\"><\/div>\n<\/div>\n<\/div>\n<\/div>\n<\/div>\n<\/div>\n<\/div>\n<\/div>\n<\/div>\n<\/div>\n<div class=\"w-full md:pt-0 dark:border-white\/20 md:border-transparent md:dark:border-transparent md:w-[calc(100%-.5rem)] juice:w-full\">\n<div class=\"px-3 text-base md:px-4 m-auto md:px-5 lg:px-1 xl:px-5\">\n<div class=\"mx-auto flex flex-1 gap-3 text-base juice:gap-4 juice:md:gap-6 md:max-w-3xl lg:max-w-[40rem] xl:max-w-[48rem]\">\n<form class=\"w-full\">\n<div class=\"relative flex h-full max-w-full flex-1 flex-col\">\n<div class=\"absolute bottom-full left-0 right-0\"><\/div>\n<div class=\"flex w-full items-center\"><\/div>\n<\/div>\n<\/form>\n<\/div>\n<\/div>\n<\/div>\n","protected":false},"excerpt":{"rendered":"<p>El Centro de la UNED en Berna celebr\u00f3 su 40 aniversario con un evento significativo en el Cine Rex de la capital suiza, destacando su compromiso con la educaci\u00f3n superior y la innovaci\u00f3n en la ense\u00f1anza a distancia. La proyecci\u00f3n de &#8220;Un Franco, 14 Pesetas&#8221; y la presencia del director Carlos Iglesias a\u00f1adieron un toque [&hellip;]<\/p>\n","protected":false},"author":1,"featured_media":256633,"comment_status":"closed","ping_status":"closed","sticky":false,"template":"","format":"standard","meta":{"_acf_changed":false,"footnotes":""},"categories":[4],"tags":[],"acf":[],"_links":{"self":[{"href":"https:\/\/uned-illesbalears.net\/ca\/wp-json\/wp\/v2\/posts\/256632"}],"collection":[{"href":"https:\/\/uned-illesbalears.net\/ca\/wp-json\/wp\/v2\/posts"}],"about":[{"href":"https:\/\/uned-illesbalears.net\/ca\/wp-json\/wp\/v2\/types\/post"}],"author":[{"embeddable":true,"href":"https:\/\/uned-illesbalears.net\/ca\/wp-json\/wp\/v2\/users\/1"}],"replies":[{"embeddable":true,"href":"https:\/\/uned-illesbalears.net\/ca\/wp-json\/wp\/v2\/comments?post=256632"}],"version-history":[{"count":1,"href":"https:\/\/uned-illesbalears.net\/ca\/wp-json\/wp\/v2\/posts\/256632\/revisions"}],"predecessor-version":[{"id":256635,"href":"https:\/\/uned-illesbalears.net\/ca\/wp-json\/wp\/v2\/posts\/256632\/revisions\/256635"}],"wp:featuredmedia":[{"embeddable":true,"href":"https:\/\/uned-illesbalears.net\/ca\/wp-json\/wp\/v2\/media\/256633"}],"wp:attachment":[{"href":"https:\/\/uned-illesbalears.net\/ca\/wp-json\/wp\/v2\/media?parent=256632"}],"wp:term":[{"taxonomy":"category","embeddable":true,"href":"https:\/\/uned-illesbalears.net\/ca\/wp-json\/wp\/v2\/categories?post=256632"},{"taxonomy":"post_tag","embeddable":true,"href":"https:\/\/uned-illesbalears.net\/ca\/wp-json\/wp\/v2\/tags?post=256632"}],"curies":[{"name":"wp","href":"https:\/\/api.w.org\/{rel}","templated":true}]}}