{"id":256162,"date":"2024-05-02T16:52:20","date_gmt":"2024-05-02T14:52:20","guid":{"rendered":"https:\/\/uned-illesbalears.net\/?p=256162"},"modified":"2024-05-02T16:52:20","modified_gmt":"2024-05-02T14:52:20","slug":"ferragut-tambien-arquitecto-castrense","status":"publish","type":"post","link":"https:\/\/uned-illesbalears.net\/ca\/ferragut-tambien-arquitecto-castrense\/","title":{"rendered":"Ferragut, tambi\u00e9n arquitecto castrense"},"content":{"rendered":"<p>La directora de la UNED en Baleares, Judit Vega, ofreci\u00f3 una conferencia sobre la arquitectura militar de Jos\u00e9 Ferragut en Mallorca, destacando sus obras para el Ej\u00e9rcito de Tierra, La Armada y el Ej\u00e9rcito del Aire en la isla, ante la presencia de autoridades militares como el comandante general de Baleares, Fernando Luis Gracia, el jefe del sector naval, Javier N\u00fa\u00f1ez de Prado, o el jefe de base a\u00e9rea de Pollen\u00e7a, Alberto Sevilla.<\/p>\n<p>Noticia del peri\u00f3dico <a href=\"https:\/\/www.ultimahora.es\/vips\/zona-vip\/2024\/04\/29\/2153803\/ferragut-tambien-arquitecto-castrense.html#\">\u00daltima Hora<\/a>.<\/p>\n<p><a href=\"https:\/\/uned-illesbalears.net\/wp-content\/uploads\/2024\/05\/judit-militares-1.jpg\"><img loading=\"lazy\" decoding=\"async\" class=\"alignnone size-thumbnail wp-image-256163\" src=\"https:\/\/uned-illesbalears.net\/wp-content\/uploads\/2024\/05\/judit-militares-1-150x150.jpg\" alt=\"\" width=\"150\" height=\"150\" \/><\/a><\/p>\n","protected":false},"excerpt":{"rendered":"<p>La directora de la UNED en Baleares, Judit Vega, ofreci\u00f3 una conferencia sobre la arquitectura militar de Jos\u00e9 Ferragut en Mallorca, destacando sus obras para el Ej\u00e9rcito de Tierra, La Armada y el Ej\u00e9rcito del Aire en la isla, ante la presencia de autoridades militares como el comandante general de Baleares, Fernando Luis Gracia, el [&hellip;]<\/p>\n","protected":false},"author":1,"featured_media":256163,"comment_status":"closed","ping_status":"closed","sticky":false,"template":"","format":"standard","meta":{"_acf_changed":false,"footnotes":""},"categories":[4],"tags":[],"acf":[],"_links":{"self":[{"href":"https:\/\/uned-illesbalears.net\/ca\/wp-json\/wp\/v2\/posts\/256162"}],"collection":[{"href":"https:\/\/uned-illesbalears.net\/ca\/wp-json\/wp\/v2\/posts"}],"about":[{"href":"https:\/\/uned-illesbalears.net\/ca\/wp-json\/wp\/v2\/types\/post"}],"author":[{"embeddable":true,"href":"https:\/\/uned-illesbalears.net\/ca\/wp-json\/wp\/v2\/users\/1"}],"replies":[{"embeddable":true,"href":"https:\/\/uned-illesbalears.net\/ca\/wp-json\/wp\/v2\/comments?post=256162"}],"version-history":[{"count":1,"href":"https:\/\/uned-illesbalears.net\/ca\/wp-json\/wp\/v2\/posts\/256162\/revisions"}],"predecessor-version":[{"id":256165,"href":"https:\/\/uned-illesbalears.net\/ca\/wp-json\/wp\/v2\/posts\/256162\/revisions\/256165"}],"wp:featuredmedia":[{"embeddable":true,"href":"https:\/\/uned-illesbalears.net\/ca\/wp-json\/wp\/v2\/media\/256163"}],"wp:attachment":[{"href":"https:\/\/uned-illesbalears.net\/ca\/wp-json\/wp\/v2\/media?parent=256162"}],"wp:term":[{"taxonomy":"category","embeddable":true,"href":"https:\/\/uned-illesbalears.net\/ca\/wp-json\/wp\/v2\/categories?post=256162"},{"taxonomy":"post_tag","embeddable":true,"href":"https:\/\/uned-illesbalears.net\/ca\/wp-json\/wp\/v2\/tags?post=256162"}],"curies":[{"name":"wp","href":"https:\/\/api.w.org\/{rel}","templated":true}]}}