{"id":255626,"date":"2024-04-24T16:42:32","date_gmt":"2024-04-24T14:42:32","guid":{"rendered":"https:\/\/uned-illesbalears.net\/?p=255626"},"modified":"2024-05-02T16:57:43","modified_gmt":"2024-05-02T14:57:43","slug":"arquitectura-militar","status":"publish","type":"post","link":"https:\/\/uned-illesbalears.net\/ca\/arquitectura-militar\/","title":{"rendered":"Arquitectura Militar"},"content":{"rendered":"<p>El Centro de Historia y Cultura Militar de Balears acogi\u00f3 ayer una conferencia de la directora de la UNED en Balears e historiadora de Arte Judit Vega Avelaira. Vega repas\u00f3 las aportaciones de Jos\u00e9 Ferragut en el campo de la arquitectura militar de Mallorca.<\/p>\n<p>Noticia del peri\u00f3dico <a href=\"https:\/\/uned-illesbalears.net\/wp-content\/uploads\/2024\/04\/Judit-arquitectura-militar.pdf\" class=\"mtli_attachment mtli_pdf\">\u00daltima Hora<\/a>.<\/p>\n<p><a href=\"https:\/\/uned-illesbalears.net\/wp-content\/uploads\/2024\/04\/uned-illes.jpg\"><img loading=\"lazy\" decoding=\"async\" class=\"alignnone size-thumbnail wp-image-255223\" src=\"https:\/\/uned-illesbalears.net\/wp-content\/uploads\/2024\/04\/uned-illes-150x150.jpg\" alt=\"\" width=\"150\" height=\"150\" \/><\/a><\/p>\n","protected":false},"excerpt":{"rendered":"<p>El Centro de Historia y Cultura Militar de Balears acogi\u00f3 ayer una conferencia de la directora de la UNED en Balears e historiadora de Arte Judit Vega Avelaira. Vega repas\u00f3 las aportaciones de Jos\u00e9 Ferragut en el campo de la arquitectura militar de Mallorca. Noticia del peri\u00f3dico \u00daltima Hora.<\/p>\n","protected":false},"author":1,"featured_media":255223,"comment_status":"closed","ping_status":"closed","sticky":false,"template":"","format":"standard","meta":{"_acf_changed":false,"footnotes":""},"categories":[1,4],"tags":[],"acf":[],"_links":{"self":[{"href":"https:\/\/uned-illesbalears.net\/ca\/wp-json\/wp\/v2\/posts\/255626"}],"collection":[{"href":"https:\/\/uned-illesbalears.net\/ca\/wp-json\/wp\/v2\/posts"}],"about":[{"href":"https:\/\/uned-illesbalears.net\/ca\/wp-json\/wp\/v2\/types\/post"}],"author":[{"embeddable":true,"href":"https:\/\/uned-illesbalears.net\/ca\/wp-json\/wp\/v2\/users\/1"}],"replies":[{"embeddable":true,"href":"https:\/\/uned-illesbalears.net\/ca\/wp-json\/wp\/v2\/comments?post=255626"}],"version-history":[{"count":2,"href":"https:\/\/uned-illesbalears.net\/ca\/wp-json\/wp\/v2\/posts\/255626\/revisions"}],"predecessor-version":[{"id":255632,"href":"https:\/\/uned-illesbalears.net\/ca\/wp-json\/wp\/v2\/posts\/255626\/revisions\/255632"}],"wp:featuredmedia":[{"embeddable":true,"href":"https:\/\/uned-illesbalears.net\/ca\/wp-json\/wp\/v2\/media\/255223"}],"wp:attachment":[{"href":"https:\/\/uned-illesbalears.net\/ca\/wp-json\/wp\/v2\/media?parent=255626"}],"wp:term":[{"taxonomy":"category","embeddable":true,"href":"https:\/\/uned-illesbalears.net\/ca\/wp-json\/wp\/v2\/categories?post=255626"},{"taxonomy":"post_tag","embeddable":true,"href":"https:\/\/uned-illesbalears.net\/ca\/wp-json\/wp\/v2\/tags?post=255626"}],"curies":[{"name":"wp","href":"https:\/\/api.w.org\/{rel}","templated":true}]}}