{"id":247759,"date":"2023-12-21T18:32:01","date_gmt":"2023-12-21T17:32:01","guid":{"rendered":"https:\/\/uned-illesbalears.net\/?p=247759"},"modified":"2024-01-15T11:19:51","modified_gmt":"2024-01-15T10:19:51","slug":"felicitacion-de-navidad-2023-por-parte-de-nuestra-directora-judit-vega-avelaira","status":"publish","type":"post","link":"https:\/\/uned-illesbalears.net\/ca\/felicitacion-de-navidad-2023-por-parte-de-nuestra-directora-judit-vega-avelaira\/","title":{"rendered":"Felicitaci\u00f3n de Navidad 2023 por parte de nuestra Directora Judit Vega Avelaira"},"content":{"rendered":"<p>Con una imagen de la Iglesia de Nuestra Se\u00f1ora de los \u00c1ngeles (Porci\u00fancula, Palma) del arquitecto Jos\u00e9 Ferragut Pou y una cita de San Francisco de As\u00eds, nuestra directora Judit Vega, desea las felices fiestas a toda la comunidad universitaria del Centro Asociado UNED Illes Balears.<\/p>\n","protected":false},"excerpt":{"rendered":"<p>Con una imagen de la Iglesia de Nuestra Se\u00f1ora de los \u00c1ngeles (Porci\u00fancula, Palma) del arquitecto Jos\u00e9 Ferragut Pou y una cita de San Francisco de As\u00eds, nuestra directora Judit Vega, desea las felices fiestas a toda la comunidad universitaria del Centro Asociado UNED Illes Balears.<\/p>\n","protected":false},"author":5,"featured_media":247756,"comment_status":"closed","ping_status":"closed","sticky":false,"template":"","format":"standard","meta":{"_acf_changed":false,"footnotes":""},"categories":[1],"tags":[],"acf":[],"_links":{"self":[{"href":"https:\/\/uned-illesbalears.net\/ca\/wp-json\/wp\/v2\/posts\/247759"}],"collection":[{"href":"https:\/\/uned-illesbalears.net\/ca\/wp-json\/wp\/v2\/posts"}],"about":[{"href":"https:\/\/uned-illesbalears.net\/ca\/wp-json\/wp\/v2\/types\/post"}],"author":[{"embeddable":true,"href":"https:\/\/uned-illesbalears.net\/ca\/wp-json\/wp\/v2\/users\/5"}],"replies":[{"embeddable":true,"href":"https:\/\/uned-illesbalears.net\/ca\/wp-json\/wp\/v2\/comments?post=247759"}],"version-history":[{"count":1,"href":"https:\/\/uned-illesbalears.net\/ca\/wp-json\/wp\/v2\/posts\/247759\/revisions"}],"predecessor-version":[{"id":247760,"href":"https:\/\/uned-illesbalears.net\/ca\/wp-json\/wp\/v2\/posts\/247759\/revisions\/247760"}],"wp:featuredmedia":[{"embeddable":true,"href":"https:\/\/uned-illesbalears.net\/ca\/wp-json\/wp\/v2\/media\/247756"}],"wp:attachment":[{"href":"https:\/\/uned-illesbalears.net\/ca\/wp-json\/wp\/v2\/media?parent=247759"}],"wp:term":[{"taxonomy":"category","embeddable":true,"href":"https:\/\/uned-illesbalears.net\/ca\/wp-json\/wp\/v2\/categories?post=247759"},{"taxonomy":"post_tag","embeddable":true,"href":"https:\/\/uned-illesbalears.net\/ca\/wp-json\/wp\/v2\/tags?post=247759"}],"curies":[{"name":"wp","href":"https:\/\/api.w.org\/{rel}","templated":true}]}}