{"id":244433,"date":"2023-11-09T10:46:18","date_gmt":"2023-11-09T09:46:18","guid":{"rendered":"https:\/\/uned-illesbalears.net\/?p=244433"},"modified":"2023-11-09T10:46:18","modified_gmt":"2023-11-09T09:46:18","slug":"la-apuesta-de-asima-por-la-formacion-es-clara","status":"publish","type":"post","link":"https:\/\/uned-illesbalears.net\/ca\/la-apuesta-de-asima-por-la-formacion-es-clara\/","title":{"rendered":"La apuesta de ASIMA por la formaci\u00f3n es clara"},"content":{"rendered":"<p>El director de ASIMA, Sr. Toni Monjo declar\u00f3 en el programa ES. RADIO, en el cual particip\u00f3 nuestra directora de la UNED IB Judit Vega, que &#8220;es un honor tener a la UNED Illes Balears como instituci\u00f3n acad\u00e9mica asociada a ASIMA&#8221;.<\/p>\n","protected":false},"excerpt":{"rendered":"<p>El director de ASIMA, Sr. Toni Monjo declar\u00f3 en el programa ES. RADIO, en el cual particip\u00f3 nuestra directora de la UNED IB Judit Vega, que &#8220;es un honor tener a la UNED Illes Balears como instituci\u00f3n acad\u00e9mica asociada a ASIMA&#8221;.<\/p>\n","protected":false},"author":5,"featured_media":244434,"comment_status":"closed","ping_status":"closed","sticky":false,"template":"","format":"standard","meta":{"_acf_changed":false,"footnotes":""},"categories":[4],"tags":[],"acf":[],"_links":{"self":[{"href":"https:\/\/uned-illesbalears.net\/ca\/wp-json\/wp\/v2\/posts\/244433"}],"collection":[{"href":"https:\/\/uned-illesbalears.net\/ca\/wp-json\/wp\/v2\/posts"}],"about":[{"href":"https:\/\/uned-illesbalears.net\/ca\/wp-json\/wp\/v2\/types\/post"}],"author":[{"embeddable":true,"href":"https:\/\/uned-illesbalears.net\/ca\/wp-json\/wp\/v2\/users\/5"}],"replies":[{"embeddable":true,"href":"https:\/\/uned-illesbalears.net\/ca\/wp-json\/wp\/v2\/comments?post=244433"}],"version-history":[{"count":1,"href":"https:\/\/uned-illesbalears.net\/ca\/wp-json\/wp\/v2\/posts\/244433\/revisions"}],"predecessor-version":[{"id":244436,"href":"https:\/\/uned-illesbalears.net\/ca\/wp-json\/wp\/v2\/posts\/244433\/revisions\/244436"}],"wp:featuredmedia":[{"embeddable":true,"href":"https:\/\/uned-illesbalears.net\/ca\/wp-json\/wp\/v2\/media\/244434"}],"wp:attachment":[{"href":"https:\/\/uned-illesbalears.net\/ca\/wp-json\/wp\/v2\/media?parent=244433"}],"wp:term":[{"taxonomy":"category","embeddable":true,"href":"https:\/\/uned-illesbalears.net\/ca\/wp-json\/wp\/v2\/categories?post=244433"},{"taxonomy":"post_tag","embeddable":true,"href":"https:\/\/uned-illesbalears.net\/ca\/wp-json\/wp\/v2\/tags?post=244433"}],"curies":[{"name":"wp","href":"https:\/\/api.w.org\/{rel}","templated":true}]}}