{"id":241532,"date":"2023-10-03T17:00:00","date_gmt":"2023-10-03T15:00:00","guid":{"rendered":"https:\/\/uned-illesbalears.net\/?p=241532"},"modified":"2023-10-24T16:59:43","modified_gmt":"2023-10-24T14:59:43","slug":"apertura-del-nuevo-curso-academico","status":"publish","type":"post","link":"https:\/\/uned-illesbalears.net\/ca\/apertura-del-nuevo-curso-academico\/","title":{"rendered":"Apertura del nuevo curso acad\u00e9mico"},"content":{"rendered":"<p>Este a\u00f1o, la apertura del curso acad\u00e9mico en Palma ser\u00e1 el d\u00eda 17 de octubre a las 19h en el Castell de Bellver.<\/p>\n","protected":false},"excerpt":{"rendered":"<p>Este a\u00f1o, la apertura del curso acad\u00e9mico en Palma ser\u00e1 el d\u00eda 17 de octubre a las 19h en el Castell de Bellver.<\/p>\n","protected":false},"author":5,"featured_media":241534,"comment_status":"closed","ping_status":"closed","sticky":false,"template":"","format":"standard","meta":{"_acf_changed":false,"footnotes":""},"categories":[1],"tags":[],"acf":[],"_links":{"self":[{"href":"https:\/\/uned-illesbalears.net\/ca\/wp-json\/wp\/v2\/posts\/241532"}],"collection":[{"href":"https:\/\/uned-illesbalears.net\/ca\/wp-json\/wp\/v2\/posts"}],"about":[{"href":"https:\/\/uned-illesbalears.net\/ca\/wp-json\/wp\/v2\/types\/post"}],"author":[{"embeddable":true,"href":"https:\/\/uned-illesbalears.net\/ca\/wp-json\/wp\/v2\/users\/5"}],"replies":[{"embeddable":true,"href":"https:\/\/uned-illesbalears.net\/ca\/wp-json\/wp\/v2\/comments?post=241532"}],"version-history":[{"count":1,"href":"https:\/\/uned-illesbalears.net\/ca\/wp-json\/wp\/v2\/posts\/241532\/revisions"}],"predecessor-version":[{"id":241536,"href":"https:\/\/uned-illesbalears.net\/ca\/wp-json\/wp\/v2\/posts\/241532\/revisions\/241536"}],"wp:featuredmedia":[{"embeddable":true,"href":"https:\/\/uned-illesbalears.net\/ca\/wp-json\/wp\/v2\/media\/241534"}],"wp:attachment":[{"href":"https:\/\/uned-illesbalears.net\/ca\/wp-json\/wp\/v2\/media?parent=241532"}],"wp:term":[{"taxonomy":"category","embeddable":true,"href":"https:\/\/uned-illesbalears.net\/ca\/wp-json\/wp\/v2\/categories?post=241532"},{"taxonomy":"post_tag","embeddable":true,"href":"https:\/\/uned-illesbalears.net\/ca\/wp-json\/wp\/v2\/tags?post=241532"}],"curies":[{"name":"wp","href":"https:\/\/api.w.org\/{rel}","templated":true}]}}