{"id":240336,"date":"2023-09-10T12:14:07","date_gmt":"2023-09-10T10:14:07","guid":{"rendered":"https:\/\/uned-illesbalears.net\/?p=240336"},"modified":"2023-09-10T12:14:07","modified_gmt":"2023-09-10T10:14:07","slug":"la-consellera-de-cultura-del-consell-de-mallorca-visita-la-uned-illes-balears","status":"publish","type":"post","link":"https:\/\/uned-illesbalears.net\/ca\/la-consellera-de-cultura-del-consell-de-mallorca-visita-la-uned-illes-balears\/","title":{"rendered":"La Consellera de Cultura del Consell de Mallorca visita la UNED Illes Balears"},"content":{"rendered":"<p>La Consellera de Cultura y Patrimonio y Vicepresidenta del Consell de Mallorca, Sra. Antonia Roca Bellinfante visit\u00f3 el Centro Asociado UNED Illes Balears, acompa\u00f1ada del director insular de Patrimonio Sr. Ram\u00f3n Francisco Mart\u00edn Gordon y de la directora de la UNED Sra. Judit Vega Avelaira.<\/p>\n","protected":false},"excerpt":{"rendered":"<p>La Consellera de Cultura y Patrimonio y Vicepresidenta del Consell de Mallorca, Sra. Antonia Roca Bellinfante visit\u00f3 el Centro Asociado UNED Illes Balears, acompa\u00f1ada del director insular de Patrimonio Sr. Ram\u00f3n Francisco Mart\u00edn Gordon y de la directora de la UNED Sra. Judit Vega Avelaira.<\/p>\n","protected":false},"author":5,"featured_media":240337,"comment_status":"closed","ping_status":"closed","sticky":false,"template":"","format":"standard","meta":{"_acf_changed":false,"footnotes":""},"categories":[4],"tags":[],"acf":[],"_links":{"self":[{"href":"https:\/\/uned-illesbalears.net\/ca\/wp-json\/wp\/v2\/posts\/240336"}],"collection":[{"href":"https:\/\/uned-illesbalears.net\/ca\/wp-json\/wp\/v2\/posts"}],"about":[{"href":"https:\/\/uned-illesbalears.net\/ca\/wp-json\/wp\/v2\/types\/post"}],"author":[{"embeddable":true,"href":"https:\/\/uned-illesbalears.net\/ca\/wp-json\/wp\/v2\/users\/5"}],"replies":[{"embeddable":true,"href":"https:\/\/uned-illesbalears.net\/ca\/wp-json\/wp\/v2\/comments?post=240336"}],"version-history":[{"count":1,"href":"https:\/\/uned-illesbalears.net\/ca\/wp-json\/wp\/v2\/posts\/240336\/revisions"}],"predecessor-version":[{"id":240339,"href":"https:\/\/uned-illesbalears.net\/ca\/wp-json\/wp\/v2\/posts\/240336\/revisions\/240339"}],"wp:featuredmedia":[{"embeddable":true,"href":"https:\/\/uned-illesbalears.net\/ca\/wp-json\/wp\/v2\/media\/240337"}],"wp:attachment":[{"href":"https:\/\/uned-illesbalears.net\/ca\/wp-json\/wp\/v2\/media?parent=240336"}],"wp:term":[{"taxonomy":"category","embeddable":true,"href":"https:\/\/uned-illesbalears.net\/ca\/wp-json\/wp\/v2\/categories?post=240336"},{"taxonomy":"post_tag","embeddable":true,"href":"https:\/\/uned-illesbalears.net\/ca\/wp-json\/wp\/v2\/tags?post=240336"}],"curies":[{"name":"wp","href":"https:\/\/api.w.org\/{rel}","templated":true}]}}