{"id":236024,"date":"2023-05-25T19:14:38","date_gmt":"2023-05-25T17:14:38","guid":{"rendered":"https:\/\/uned-illesbalears.net\/?p=236024"},"modified":"2023-05-25T19:14:38","modified_gmt":"2023-05-25T17:14:38","slug":"judit-vega-diserto-sobre-el-arquitecto-mallorquin-con-el-titulo-sostenibilitat-i-benestar-a-lobra-arquitectonica-de-josep-ferragut-pou","status":"publish","type":"post","link":"https:\/\/uned-illesbalears.net\/ca\/judit-vega-diserto-sobre-el-arquitecto-mallorquin-con-el-titulo-sostenibilitat-i-benestar-a-lobra-arquitectonica-de-josep-ferragut-pou\/","title":{"rendered":"Judit Vega disert\u00f3 sobre el arquitecto mallorqu\u00edn con el t\u00edtulo &#8220;Sostenibilitat i benestar a l&#8217;obra arquitect\u00f2nica de Josep Ferragut Pou&#8221;"},"content":{"rendered":"<p>En el marco del D\u00eda internacional de los Museos 2023, Ajuntament de Palma, el Castell de Bellver y la UNED Illes Balears organizaron una conferencia impartida por Judit Vega, comisaria de la exposici\u00f3n &#8220;Josep Ferragut Pou (1912-1968), arquitecte, dise\u00f1ador y urbanista&#8221;\u00a0 y la proyecci\u00f3n de una pel\u00edcula sobre el arquitecto mallorqu\u00edn titulada &#8220;Ciudad de Mallorca&#8221; (1960).<\/p>\n","protected":false},"excerpt":{"rendered":"<p>En el marco del D\u00eda internacional de los Museos 2023, Ajuntament de Palma, el Castell de Bellver y la UNED Illes Balears organizaron una conferencia impartida por Judit Vega, comisaria de la exposici\u00f3n &#8220;Josep Ferragut Pou (1912-1968), arquitecte, dise\u00f1ador y urbanista&#8221;\u00a0 y la proyecci\u00f3n de una pel\u00edcula sobre el arquitecto mallorqu\u00edn titulada &#8220;Ciudad de Mallorca&#8221; [&hellip;]<\/p>\n","protected":false},"author":5,"featured_media":236025,"comment_status":"closed","ping_status":"closed","sticky":false,"template":"","format":"standard","meta":{"_acf_changed":false,"footnotes":""},"categories":[4],"tags":[],"acf":[],"_links":{"self":[{"href":"https:\/\/uned-illesbalears.net\/ca\/wp-json\/wp\/v2\/posts\/236024"}],"collection":[{"href":"https:\/\/uned-illesbalears.net\/ca\/wp-json\/wp\/v2\/posts"}],"about":[{"href":"https:\/\/uned-illesbalears.net\/ca\/wp-json\/wp\/v2\/types\/post"}],"author":[{"embeddable":true,"href":"https:\/\/uned-illesbalears.net\/ca\/wp-json\/wp\/v2\/users\/5"}],"replies":[{"embeddable":true,"href":"https:\/\/uned-illesbalears.net\/ca\/wp-json\/wp\/v2\/comments?post=236024"}],"version-history":[{"count":1,"href":"https:\/\/uned-illesbalears.net\/ca\/wp-json\/wp\/v2\/posts\/236024\/revisions"}],"predecessor-version":[{"id":236027,"href":"https:\/\/uned-illesbalears.net\/ca\/wp-json\/wp\/v2\/posts\/236024\/revisions\/236027"}],"wp:featuredmedia":[{"embeddable":true,"href":"https:\/\/uned-illesbalears.net\/ca\/wp-json\/wp\/v2\/media\/236025"}],"wp:attachment":[{"href":"https:\/\/uned-illesbalears.net\/ca\/wp-json\/wp\/v2\/media?parent=236024"}],"wp:term":[{"taxonomy":"category","embeddable":true,"href":"https:\/\/uned-illesbalears.net\/ca\/wp-json\/wp\/v2\/categories?post=236024"},{"taxonomy":"post_tag","embeddable":true,"href":"https:\/\/uned-illesbalears.net\/ca\/wp-json\/wp\/v2\/tags?post=236024"}],"curies":[{"name":"wp","href":"https:\/\/api.w.org\/{rel}","templated":true}]}}